{"id":860,"date":"2019-02-28T18:37:56","date_gmt":"2019-02-28T17:37:56","guid":{"rendered":"http:\/\/fundacjadomkultury.pl\/?p=860"},"modified":"2019-02-28T18:37:56","modified_gmt":"2019-02-28T17:37:56","slug":"bareforytka-roma","status":"publish","type":"post","link":"https:\/\/fundacjadomkultury.pl\/en\/bareforytka-roma\/","title":{"rendered":"Bareforytka Roma"},"content":{"rendered":"<div id=\"pl-860\"  class=\"panel-layout\" >\n<div id=\"pg-860-0\"  class=\"panel-grid panel-no-style\" >\n<div id=\"pgc-860-0-0\"  class=\"panel-grid-cell\"  data-weight=\"1\" >\n<div id=\"panel-860-0-0-0\" class=\"so-panel widget widget_sow-editor panel-first-child\" data-index=\"0\" >\n<div class=\"so-widget-sow-editor so-widget-sow-editor-base\">\n<div class=\"siteorigin-widget-tinymce textwidget\">\n<pre><strong>Bareforytka Roma \u2013 warszawscy Romowie \u2013 to projekt \u0142\u0105cz\u0105cy romsk\u0105 tradycj\u0119 ze sztuk\u0105 nowoczesn\u0105 skierowany do m\u0142odych Rom\u00f3w zamieszkuj\u0105cych warszawskie Pragi P\u00f3\u0142noc i Po\u0142udnie.<\/strong>\nTo by\u0142 niesamowity projekt \u0142\u0105cz\u0105cy wydawa\u0142oby si\u0119 dwa odleg\u0142e \u015bwiaty. Na jesieni 2018 roku nasza zaprzyja\u017aniona grupa romska wzi\u0119\u0142a udzia\u0142 w warsztatach tw\u00f3rczych prowadzonych przez artyst\u00f3w sztuk wizualnych i romskich muzyk\u00f3w. M\u0142odzie\u017c tworzy\u0142a projekty sitodrukowe oparte na cyga\u0144skich motywach graficznych, w\u0142asnor\u0119cznie drukowa\u0142a koszulki w pracowni \u201eKwiaciarni grafiki\u201d. Zbiera\u0142a zio\u0142a i opracowa\u0142a zielniki pod okiem Anny Siekiery w udost\u0119pnionej \u017cyczliwie sali Muzeum Sztuki Nowoczesnej nad Wis\u0142\u0105. Tworzy\u0142a ziny w pracowni Akademii Sztuk Pi\u0119knych. Uczy\u0142a si\u0119 fotografii plenerowej na ulicach Pragi i portretowej w Centrum Wielokulturowym, pod opiek\u0105 Ma\u0142gorzaty Brus i Andrzeja Grzyma\u0142a-Kaz\u0142owskiego.\nPowsta\u0142e prace pokaza\u0142a na wystawie w Muzeum Warszawskiej Pragi. Kuratork\u0105 wystawy by\u0142a edukatorka muzealna Katarzyna Witt. Wernisa\u017cowi wystawy towarzyszy\u0142y warsztaty pie\u015bni romskiej i sztuki nowoczesnej, prelekcja dla ma\u0142ych i du\u017cych po\u015bwi\u0119cona losom polskich Rom\u00f3w i degustacja cyga\u0144skich potraw. W dw\u00f3ch setach imprezy, przedpo\u0142udniowym dla m\u0142odzie\u017cy i dzieci szkolnych z warszawskich szk\u00f3\u0142 i popo\u0142udniowym otwartym dla szerokiej publiczno\u015bci, uczestniczy\u0142o blisko 200 os\u00f3b.<\/pre>\n<pre>Projekt \u201eBareforytka Roma warsztaty otwarte\u201d dofinansowany zosta\u0142 ze \u015brodk\u00f3w Miasta Sto\u0142ecznego Warszawy.\nProjekt \u201eBareforytka Roma\u201d zrealizowany zosta\u0142 we wsp\u00f3\u0142pracy z Muzeum Warszawskiej Pragi\u00a0 dzi\u0119ki dofinansowaniu ze \u015brodk\u00f3w Ministra Kultury i Dziedzictwa Narodowego z Funduszu Promocji Kultury.\nZa wsparcie dzia\u0142a\u0144 dzi\u0119kujemy Centrum Wielokulturowemu, kolektywowi Pracownia Wschodnia, Akademii Sztuk Pi\u0119knych, Muzeum Sztuki Nowoczesnej w Warszawie.\n<img loading=\"lazy\" decoding=\"async\" class=\"alignleft size-full wp-image-577\" src=\"http:\/\/fundacjadomkultury.pl\/wp-content\/uploads\/mkidn-e1550170474161.jpg\" alt=\"\" width=\"100\" height=\"100\" \/><img loading=\"lazy\" decoding=\"async\" class=\"alignleft size-full wp-image-558\" src=\"http:\/\/fundacjadomkultury.pl\/wp-content\/uploads\/20150217_KulturaDostepna-1-e1550421530279.jpg\" alt=\"\" width=\"140\" height=\"100\" \/><img loading=\"lazy\" decoding=\"async\" class=\"alignleft wp-image-864\" src=\"http:\/\/fundacjadomkultury.pl\/wp-content\/uploads\/logo_biale_wspolfinansowanie-150x150.png\" alt=\"\" width=\"120\" height=\"130\" \/><\/pre>\n<p><img loading=\"lazy\" decoding=\"async\" class=\"alignleft size-thumbnail wp-image-580\" src=\"http:\/\/fundacjadomkultury.pl\/wp-content\/uploads\/MUZEUM_WARSZAWY_logo_poziom_kolor-150x150.jpg\" alt=\"\" width=\"150\" height=\"150\" \/><\/p>\n<p>\u00a0<\/p>\n<p><strong>\u00a0<img loading=\"lazy\" decoding=\"async\" class=\"alignleft wp-image-551 size-full\" src=\"http:\/\/fundacjadomkultury.pl\/wp-content\/uploads\/1-logo-1024x627-e1551375948165.jpg\" alt=\"\" width=\"200\" height=\"54\" \/><br \/><\/strong><\/p>\n<p>\u00a0<\/p>\n<\/div>\n<\/div>\n<\/div>\n<div id=\"panel-860-0-0-1\" class=\"so-panel widget widget_media_gallery panel-last-child\" data-index=\"1\" data-style=\"{&quot;background_image_attachment&quot;:false,&quot;background_display&quot;:&quot;tile&quot;}\" ><div id='gallery-1' class='gallery galleryid-860 gallery-columns-3 gallery-size-thumbnail'><figure class='gallery-item'>\n\t\t\t<div class='gallery-icon landscape'>\n\t\t\t\t<a href='https:\/\/fundacjadomkultury.pl\/en\/wp-content\/uploads\/2019\/02\/09-35-DSC_0928.jpg' rel=\"lightbox[gallery-0]\"><img loading=\"lazy\" decoding=\"async\" width=\"150\" height=\"150\" src=\"https:\/\/fundacjadomkultury.pl\/en\/wp-content\/uploads\/2019\/02\/09-35-DSC_0928-150x150.jpg\" class=\"attachment-thumbnail size-thumbnail\" alt=\"\" aria-describedby=\"gallery-1-877\" srcset=\"https:\/\/fundacjadomkultury.pl\/en\/wp-content\/uploads\/2019\/02\/09-35-DSC_0928-150x150.jpg 150w, https:\/\/fundacjadomkultury.pl\/en\/wp-content\/uploads\/2019\/02\/09-35-DSC_0928-300x300.jpg 300w, https:\/\/fundacjadomkultury.pl\/en\/wp-content\/uploads\/2019\/02\/09-35-DSC_0928-1024x1024.jpg 1024w, https:\/\/fundacjadomkultury.pl\/en\/wp-content\/uploads\/2019\/02\/09-35-DSC_0928-768x768.jpg 768w, https:\/\/fundacjadomkultury.pl\/en\/wp-content\/uploads\/2019\/02\/09-35-DSC_0928.jpg 1200w\" sizes=\"auto, (max-width: 150px) 85vw, 150px\" \/><\/a>\n\t\t\t<\/div>\n\t\t\t\t<figcaption class='wp-caption-text gallery-caption' id='gallery-1-877'>\n\t\t\t\tfot. Ma\u0142gorzata Brus\n\t\t\t\t<\/figcaption><\/figure><figure class='gallery-item'>\n\t\t\t<div class='gallery-icon landscape'>\n\t\t\t\t<a href='https:\/\/fundacjadomkultury.pl\/en\/wp-content\/uploads\/2019\/02\/12-IMG_3723-.jpg' rel=\"lightbox[gallery-0]\"><img loading=\"lazy\" decoding=\"async\" width=\"150\" height=\"150\" src=\"https:\/\/fundacjadomkultury.pl\/en\/wp-content\/uploads\/2019\/02\/12-IMG_3723--150x150.jpg\" class=\"attachment-thumbnail size-thumbnail\" alt=\"\" aria-describedby=\"gallery-1-880\" \/><\/a>\n\t\t\t<\/div>\n\t\t\t\t<figcaption class='wp-caption-text gallery-caption' id='gallery-1-880'>\n\t\t\t\tfot. Andrzej Grzyma\u0142a Kaz\u0142owki\n\t\t\t\t<\/figcaption><\/figure><figure class='gallery-item'>\n\t\t\t<div class='gallery-icon landscape'>\n\t\t\t\t<a href='https:\/\/fundacjadomkultury.pl\/en\/wp-content\/uploads\/2019\/02\/11-IMG_3695.jpg' rel=\"lightbox[gallery-0]\"><img loading=\"lazy\" decoding=\"async\" width=\"150\" height=\"150\" src=\"https:\/\/fundacjadomkultury.pl\/en\/wp-content\/uploads\/2019\/02\/11-IMG_3695-150x150.jpg\" class=\"attachment-thumbnail size-thumbnail\" alt=\"\" aria-describedby=\"gallery-1-879\" \/><\/a>\n\t\t\t<\/div>\n\t\t\t\t<figcaption class='wp-caption-text gallery-caption' id='gallery-1-879'>\n\t\t\t\tfot. Andrzej Grzyma\u0142a Kaz\u0142owki\n\t\t\t\t<\/figcaption><\/figure><figure class='gallery-item'>\n\t\t\t<div class='gallery-icon landscape'>\n\t\t\t\t<a href='https:\/\/fundacjadomkultury.pl\/en\/wp-content\/uploads\/2019\/02\/10-IMG_3555-bw-.jpg' rel=\"lightbox[gallery-0]\"><img loading=\"lazy\" decoding=\"async\" width=\"150\" height=\"150\" src=\"https:\/\/fundacjadomkultury.pl\/en\/wp-content\/uploads\/2019\/02\/10-IMG_3555-bw--150x150.jpg\" class=\"attachment-thumbnail size-thumbnail\" alt=\"\" aria-describedby=\"gallery-1-878\" \/><\/a>\n\t\t\t<\/div>\n\t\t\t\t<figcaption class='wp-caption-text gallery-caption' id='gallery-1-878'>\n\t\t\t\tfot. Andrzej Grzyma\u0142a Kaz\u0142owki\n\t\t\t\t<\/figcaption><\/figure><figure class='gallery-item'>\n\t\t\t<div class='gallery-icon landscape'>\n\t\t\t\t<a href='https:\/\/fundacjadomkultury.pl\/en\/wp-content\/uploads\/2019\/02\/08-IMG_3935.jpg' rel=\"lightbox[gallery-0]\"><img loading=\"lazy\" decoding=\"async\" width=\"150\" height=\"150\" src=\"https:\/\/fundacjadomkultury.pl\/en\/wp-content\/uploads\/2019\/02\/08-IMG_3935-150x150.jpg\" class=\"attachment-thumbnail size-thumbnail\" alt=\"\" aria-describedby=\"gallery-1-876\" \/><\/a>\n\t\t\t<\/div>\n\t\t\t\t<figcaption class='wp-caption-text gallery-caption' id='gallery-1-876'>\n\t\t\t\tfot. Ma\u0142gorzata Brus\n\t\t\t\t<\/figcaption><\/figure><figure class='gallery-item'>\n\t\t\t<div class='gallery-icon landscape'>\n\t\t\t\t<a href='https:\/\/fundacjadomkultury.pl\/en\/wp-content\/uploads\/2019\/02\/07-4-04-DSC_0081.jpg' rel=\"lightbox[gallery-0]\"><img loading=\"lazy\" decoding=\"async\" width=\"150\" height=\"150\" src=\"https:\/\/fundacjadomkultury.pl\/en\/wp-content\/uploads\/2019\/02\/07-4-04-DSC_0081-150x150.jpg\" class=\"attachment-thumbnail size-thumbnail\" alt=\"\" aria-describedby=\"gallery-1-875\" \/><\/a>\n\t\t\t<\/div>\n\t\t\t\t<figcaption class='wp-caption-text gallery-caption' id='gallery-1-875'>\n\t\t\t\tfot. Ma\u0142gorzata Brus\n\t\t\t\t<\/figcaption><\/figure><figure class='gallery-item'>\n\t\t\t<div class='gallery-icon landscape'>\n\t\t\t\t<a href='https:\/\/fundacjadomkultury.pl\/en\/wp-content\/uploads\/2019\/02\/06-DSC_0388.jpg' rel=\"lightbox[gallery-0]\"><img loading=\"lazy\" decoding=\"async\" width=\"150\" height=\"150\" src=\"https:\/\/fundacjadomkultury.pl\/en\/wp-content\/uploads\/2019\/02\/06-DSC_0388-150x150.jpg\" class=\"attachment-thumbnail size-thumbnail\" alt=\"\" aria-describedby=\"gallery-1-874\" \/><\/a>\n\t\t\t<\/div>\n\t\t\t\t<figcaption class='wp-caption-text gallery-caption' id='gallery-1-874'>\n\t\t\t\tfot. Ma\u0142gorzata Brus\n\t\t\t\t<\/figcaption><\/figure><figure class='gallery-item'>\n\t\t\t<div class='gallery-icon landscape'>\n\t\t\t\t<a href='https:\/\/fundacjadomkultury.pl\/en\/wp-content\/uploads\/2019\/02\/05-DSC_0189.jpg' rel=\"lightbox[gallery-0]\"><img loading=\"lazy\" decoding=\"async\" width=\"150\" height=\"150\" src=\"https:\/\/fundacjadomkultury.pl\/en\/wp-content\/uploads\/2019\/02\/05-DSC_0189-150x150.jpg\" class=\"attachment-thumbnail size-thumbnail\" alt=\"\" aria-describedby=\"gallery-1-873\" \/><\/a>\n\t\t\t<\/div>\n\t\t\t\t<figcaption class='wp-caption-text gallery-caption' id='gallery-1-873'>\n\t\t\t\tfot. Ma\u0142gorzata Brus\n\t\t\t\t<\/figcaption><\/figure><figure class='gallery-item'>\n\t\t\t<div class='gallery-icon landscape'>\n\t\t\t\t<a href='https:\/\/fundacjadomkultury.pl\/en\/wp-content\/uploads\/2019\/02\/04-DSC_0188.jpg' rel=\"lightbox[gallery-0]\"><img loading=\"lazy\" decoding=\"async\" width=\"150\" height=\"150\" src=\"https:\/\/fundacjadomkultury.pl\/en\/wp-content\/uploads\/2019\/02\/04-DSC_0188-150x150.jpg\" class=\"attachment-thumbnail size-thumbnail\" alt=\"\" aria-describedby=\"gallery-1-872\" \/><\/a>\n\t\t\t<\/div>\n\t\t\t\t<figcaption class='wp-caption-text gallery-caption' id='gallery-1-872'>\n\t\t\t\tfot. Ma\u0142gorzata Brus\n\t\t\t\t<\/figcaption><\/figure><figure class='gallery-item'>\n\t\t\t<div class='gallery-icon landscape'>\n\t\t\t\t<a href='https:\/\/fundacjadomkultury.pl\/en\/wp-content\/uploads\/2019\/02\/03-DSC_0216.jpg' rel=\"lightbox[gallery-0]\"><img loading=\"lazy\" decoding=\"async\" width=\"150\" height=\"150\" src=\"https:\/\/fundacjadomkultury.pl\/en\/wp-content\/uploads\/2019\/02\/03-DSC_0216-150x150.jpg\" class=\"attachment-thumbnail size-thumbnail\" alt=\"\" aria-describedby=\"gallery-1-871\" \/><\/a>\n\t\t\t<\/div>\n\t\t\t\t<figcaption class='wp-caption-text gallery-caption' id='gallery-1-871'>\n\t\t\t\tfot. Ma\u0142gorzata Brus\n\t\t\t\t<\/figcaption><\/figure><figure class='gallery-item'>\n\t\t\t<div class='gallery-icon landscape'>\n\t\t\t\t<a href='https:\/\/fundacjadomkultury.pl\/en\/wp-content\/uploads\/2019\/02\/02-28-DSC_0294.jpg' rel=\"lightbox[gallery-0]\"><img loading=\"lazy\" decoding=\"async\" width=\"150\" height=\"150\" src=\"https:\/\/fundacjadomkultury.pl\/en\/wp-content\/uploads\/2019\/02\/02-28-DSC_0294-150x150.jpg\" class=\"attachment-thumbnail size-thumbnail\" alt=\"\" aria-describedby=\"gallery-1-870\" \/><\/a>\n\t\t\t<\/div>\n\t\t\t\t<figcaption class='wp-caption-text gallery-caption' id='gallery-1-870'>\n\t\t\t\tfot. Ma\u0142gorzata Brus\n\t\t\t\t<\/figcaption><\/figure><figure class='gallery-item'>\n\t\t\t<div class='gallery-icon landscape'>\n\t\t\t\t<a href='https:\/\/fundacjadomkultury.pl\/en\/wp-content\/uploads\/2019\/02\/01-06-DSC_0130.jpg' rel=\"lightbox[gallery-0]\"><img loading=\"lazy\" decoding=\"async\" width=\"150\" height=\"150\" src=\"https:\/\/fundacjadomkultury.pl\/en\/wp-content\/uploads\/2019\/02\/01-06-DSC_0130-150x150.jpg\" class=\"attachment-thumbnail size-thumbnail\" alt=\"\" aria-describedby=\"gallery-1-869\" \/><\/a>\n\t\t\t<\/div>\n\t\t\t\t<figcaption class='wp-caption-text gallery-caption' id='gallery-1-869'>\n\t\t\t\tfot. Ma\u0142gorzata Brus\n\t\t\t\t<\/figcaption><\/figure>\n\t\t<\/div>\n<\/div>\n<\/div>\n<\/div>\n<\/div>\n","protected":false},"excerpt":{"rendered":"<p>Bareforytka Roma \u2013 warszawscy Romowie \u2013 to projekt \u0142\u0105cz\u0105cy romsk\u0105 tradycj\u0119 ze sztuk\u0105 nowoczesn\u0105 skierowany do &hellip; <a href=\"https:\/\/fundacjadomkultury.pl\/en\/bareforytka-roma\/\" class=\"more-link\">Czytaj dalej<span class=\"screen-reader-text\"> \u201eBareforytka Roma\u201d<\/span><\/a><\/p>\n","protected":false},"author":1,"featured_media":0,"comment_status":"closed","ping_status":"closed","sticky":false,"template":"","format":"standard","meta":{"footnotes":""},"categories":[2],"tags":[],"class_list":["post-860","post","type-post","status-publish","format-standard","hentry","category-aktualnosci"],"yoast_head":"<!-- This site is optimized with the Yoast SEO plugin v27.5 - https:\/\/yoast.com\/product\/yoast-seo-wordpress\/ -->\n<title>Bareforytka Roma - Fundacja Dom Kultury<\/title>\n<meta name=\"robots\" content=\"index, follow, max-snippet:-1, max-image-preview:large, max-video-preview:-1\" \/>\n<link rel=\"canonical\" href=\"https:\/\/fundacjadomkultury.pl\/en\/bareforytka-roma\/\" \/>\n<meta property=\"og:locale\" content=\"pl_PL\" \/>\n<meta property=\"og:type\" content=\"article\" \/>\n<meta property=\"og:title\" content=\"Bareforytka Roma - Fundacja Dom Kultury\" \/>\n<meta property=\"og:description\" content=\"Bareforytka Roma \u2013 warszawscy Romowie \u2013 to projekt \u0142\u0105cz\u0105cy romsk\u0105 tradycj\u0119 ze sztuk\u0105 nowoczesn\u0105 skierowany do &hellip; Czytaj dalej \u201eBareforytka Roma\u201d\" \/>\n<meta property=\"og:url\" content=\"https:\/\/fundacjadomkultury.pl\/en\/bareforytka-roma\/\" \/>\n<meta property=\"og:site_name\" content=\"Fundacja Dom Kultury\" \/>\n<meta property=\"article:published_time\" content=\"2019-02-28T17:37:56+00:00\" \/>\n<meta property=\"og:image\" content=\"http:\/\/fundacjadomkultury.pl\/wp-content\/uploads\/mkidn-e1550170474161.jpg\" \/>\n<meta name=\"author\" content=\"wojtek\" \/>\n<meta name=\"twitter:card\" content=\"summary_large_image\" \/>\n<meta name=\"twitter:label1\" content=\"Napisane przez\" \/>\n\t<meta name=\"twitter:data1\" content=\"wojtek\" \/>\n\t<meta name=\"twitter:label2\" content=\"Szacowany czas czytania\" \/>\n\t<meta name=\"twitter:data2\" content=\"1 minuta\" \/>\n<script type=\"application\/ld+json\" class=\"yoast-schema-graph\">{\"@context\":\"https:\\\/\\\/schema.org\",\"@graph\":[{\"@type\":\"Article\",\"@id\":\"https:\\\/\\\/fundacjadomkultury.pl\\\/en\\\/bareforytka-roma\\\/#article\",\"isPartOf\":{\"@id\":\"https:\\\/\\\/fundacjadomkultury.pl\\\/en\\\/bareforytka-roma\\\/\"},\"author\":{\"name\":\"wojtek\",\"@id\":\"https:\\\/\\\/fundacjadomkultury.pl\\\/en\\\/#\\\/schema\\\/person\\\/0f182b8ac59ee2351f00dbc1ca9ac9ab\"},\"headline\":\"Bareforytka Roma\",\"datePublished\":\"2019-02-28T17:37:56+00:00\",\"mainEntityOfPage\":{\"@id\":\"https:\\\/\\\/fundacjadomkultury.pl\\\/en\\\/bareforytka-roma\\\/\"},\"wordCount\":11,\"image\":{\"@id\":\"https:\\\/\\\/fundacjadomkultury.pl\\\/en\\\/bareforytka-roma\\\/#primaryimage\"},\"thumbnailUrl\":\"http:\\\/\\\/fundacjadomkultury.pl\\\/wp-content\\\/uploads\\\/mkidn-e1550170474161.jpg\",\"articleSection\":[\"Aktualno\u015bci\"],\"inLanguage\":\"pl-PL\"},{\"@type\":\"WebPage\",\"@id\":\"https:\\\/\\\/fundacjadomkultury.pl\\\/en\\\/bareforytka-roma\\\/\",\"url\":\"https:\\\/\\\/fundacjadomkultury.pl\\\/en\\\/bareforytka-roma\\\/\",\"name\":\"Bareforytka Roma - Fundacja Dom Kultury\",\"isPartOf\":{\"@id\":\"https:\\\/\\\/fundacjadomkultury.pl\\\/en\\\/#website\"},\"primaryImageOfPage\":{\"@id\":\"https:\\\/\\\/fundacjadomkultury.pl\\\/en\\\/bareforytka-roma\\\/#primaryimage\"},\"image\":{\"@id\":\"https:\\\/\\\/fundacjadomkultury.pl\\\/en\\\/bareforytka-roma\\\/#primaryimage\"},\"thumbnailUrl\":\"http:\\\/\\\/fundacjadomkultury.pl\\\/wp-content\\\/uploads\\\/mkidn-e1550170474161.jpg\",\"datePublished\":\"2019-02-28T17:37:56+00:00\",\"author\":{\"@id\":\"https:\\\/\\\/fundacjadomkultury.pl\\\/en\\\/#\\\/schema\\\/person\\\/0f182b8ac59ee2351f00dbc1ca9ac9ab\"},\"breadcrumb\":{\"@id\":\"https:\\\/\\\/fundacjadomkultury.pl\\\/en\\\/bareforytka-roma\\\/#breadcrumb\"},\"inLanguage\":\"pl-PL\",\"potentialAction\":[{\"@type\":\"ReadAction\",\"target\":[\"https:\\\/\\\/fundacjadomkultury.pl\\\/en\\\/bareforytka-roma\\\/\"]}]},{\"@type\":\"ImageObject\",\"inLanguage\":\"pl-PL\",\"@id\":\"https:\\\/\\\/fundacjadomkultury.pl\\\/en\\\/bareforytka-roma\\\/#primaryimage\",\"url\":\"http:\\\/\\\/fundacjadomkultury.pl\\\/wp-content\\\/uploads\\\/mkidn-e1550170474161.jpg\",\"contentUrl\":\"http:\\\/\\\/fundacjadomkultury.pl\\\/wp-content\\\/uploads\\\/mkidn-e1550170474161.jpg\"},{\"@type\":\"BreadcrumbList\",\"@id\":\"https:\\\/\\\/fundacjadomkultury.pl\\\/en\\\/bareforytka-roma\\\/#breadcrumb\",\"itemListElement\":[{\"@type\":\"ListItem\",\"position\":1,\"name\":\"Strona g\u0142\u00f3wna\",\"item\":\"https:\\\/\\\/fundacjadomkultury.pl\\\/en\\\/\"},{\"@type\":\"ListItem\",\"position\":2,\"name\":\"Bareforytka Roma\"}]},{\"@type\":\"WebSite\",\"@id\":\"https:\\\/\\\/fundacjadomkultury.pl\\\/en\\\/#website\",\"url\":\"https:\\\/\\\/fundacjadomkultury.pl\\\/en\\\/\",\"name\":\"Fundacja Dom Kultury\",\"description\":\"Kolejna witryna oparta na WordPressie\",\"potentialAction\":[{\"@type\":\"SearchAction\",\"target\":{\"@type\":\"EntryPoint\",\"urlTemplate\":\"https:\\\/\\\/fundacjadomkultury.pl\\\/en\\\/?s={search_term_string}\"},\"query-input\":{\"@type\":\"PropertyValueSpecification\",\"valueRequired\":true,\"valueName\":\"search_term_string\"}}],\"inLanguage\":\"pl-PL\"},{\"@type\":\"Person\",\"@id\":\"https:\\\/\\\/fundacjadomkultury.pl\\\/en\\\/#\\\/schema\\\/person\\\/0f182b8ac59ee2351f00dbc1ca9ac9ab\",\"name\":\"wojtek\",\"sameAs\":[\"https:\\\/\\\/fundacjadomkultury.pl\\\/en\"],\"url\":\"https:\\\/\\\/fundacjadomkultury.pl\\\/en\\\/author\\\/wojtek\\\/\"}]}<\/script>\n<!-- \/ Yoast SEO plugin. -->","yoast_head_json":{"title":"Bareforytka Roma - Fundacja Dom Kultury","robots":{"index":"index","follow":"follow","max-snippet":"max-snippet:-1","max-image-preview":"max-image-preview:large","max-video-preview":"max-video-preview:-1"},"canonical":"https:\/\/fundacjadomkultury.pl\/en\/bareforytka-roma\/","og_locale":"pl_PL","og_type":"article","og_title":"Bareforytka Roma - Fundacja Dom Kultury","og_description":"Bareforytka Roma \u2013 warszawscy Romowie \u2013 to projekt \u0142\u0105cz\u0105cy romsk\u0105 tradycj\u0119 ze sztuk\u0105 nowoczesn\u0105 skierowany do &hellip; Czytaj dalej \u201eBareforytka Roma\u201d","og_url":"https:\/\/fundacjadomkultury.pl\/en\/bareforytka-roma\/","og_site_name":"Fundacja Dom Kultury","article_published_time":"2019-02-28T17:37:56+00:00","og_image":[{"url":"http:\/\/fundacjadomkultury.pl\/wp-content\/uploads\/mkidn-e1550170474161.jpg","type":"","width":"","height":""}],"author":"wojtek","twitter_card":"summary_large_image","twitter_misc":{"Napisane przez":"wojtek","Szacowany czas czytania":"1 minuta"},"schema":{"@context":"https:\/\/schema.org","@graph":[{"@type":"Article","@id":"https:\/\/fundacjadomkultury.pl\/en\/bareforytka-roma\/#article","isPartOf":{"@id":"https:\/\/fundacjadomkultury.pl\/en\/bareforytka-roma\/"},"author":{"name":"wojtek","@id":"https:\/\/fundacjadomkultury.pl\/en\/#\/schema\/person\/0f182b8ac59ee2351f00dbc1ca9ac9ab"},"headline":"Bareforytka Roma","datePublished":"2019-02-28T17:37:56+00:00","mainEntityOfPage":{"@id":"https:\/\/fundacjadomkultury.pl\/en\/bareforytka-roma\/"},"wordCount":11,"image":{"@id":"https:\/\/fundacjadomkultury.pl\/en\/bareforytka-roma\/#primaryimage"},"thumbnailUrl":"http:\/\/fundacjadomkultury.pl\/wp-content\/uploads\/mkidn-e1550170474161.jpg","articleSection":["Aktualno\u015bci"],"inLanguage":"pl-PL"},{"@type":"WebPage","@id":"https:\/\/fundacjadomkultury.pl\/en\/bareforytka-roma\/","url":"https:\/\/fundacjadomkultury.pl\/en\/bareforytka-roma\/","name":"Bareforytka Roma - Fundacja Dom Kultury","isPartOf":{"@id":"https:\/\/fundacjadomkultury.pl\/en\/#website"},"primaryImageOfPage":{"@id":"https:\/\/fundacjadomkultury.pl\/en\/bareforytka-roma\/#primaryimage"},"image":{"@id":"https:\/\/fundacjadomkultury.pl\/en\/bareforytka-roma\/#primaryimage"},"thumbnailUrl":"http:\/\/fundacjadomkultury.pl\/wp-content\/uploads\/mkidn-e1550170474161.jpg","datePublished":"2019-02-28T17:37:56+00:00","author":{"@id":"https:\/\/fundacjadomkultury.pl\/en\/#\/schema\/person\/0f182b8ac59ee2351f00dbc1ca9ac9ab"},"breadcrumb":{"@id":"https:\/\/fundacjadomkultury.pl\/en\/bareforytka-roma\/#breadcrumb"},"inLanguage":"pl-PL","potentialAction":[{"@type":"ReadAction","target":["https:\/\/fundacjadomkultury.pl\/en\/bareforytka-roma\/"]}]},{"@type":"ImageObject","inLanguage":"pl-PL","@id":"https:\/\/fundacjadomkultury.pl\/en\/bareforytka-roma\/#primaryimage","url":"http:\/\/fundacjadomkultury.pl\/wp-content\/uploads\/mkidn-e1550170474161.jpg","contentUrl":"http:\/\/fundacjadomkultury.pl\/wp-content\/uploads\/mkidn-e1550170474161.jpg"},{"@type":"BreadcrumbList","@id":"https:\/\/fundacjadomkultury.pl\/en\/bareforytka-roma\/#breadcrumb","itemListElement":[{"@type":"ListItem","position":1,"name":"Strona g\u0142\u00f3wna","item":"https:\/\/fundacjadomkultury.pl\/en\/"},{"@type":"ListItem","position":2,"name":"Bareforytka Roma"}]},{"@type":"WebSite","@id":"https:\/\/fundacjadomkultury.pl\/en\/#website","url":"https:\/\/fundacjadomkultury.pl\/en\/","name":"Fundacja Dom Kultury","description":"Kolejna witryna oparta na WordPressie","potentialAction":[{"@type":"SearchAction","target":{"@type":"EntryPoint","urlTemplate":"https:\/\/fundacjadomkultury.pl\/en\/?s={search_term_string}"},"query-input":{"@type":"PropertyValueSpecification","valueRequired":true,"valueName":"search_term_string"}}],"inLanguage":"pl-PL"},{"@type":"Person","@id":"https:\/\/fundacjadomkultury.pl\/en\/#\/schema\/person\/0f182b8ac59ee2351f00dbc1ca9ac9ab","name":"wojtek","sameAs":["https:\/\/fundacjadomkultury.pl\/en"],"url":"https:\/\/fundacjadomkultury.pl\/en\/author\/wojtek\/"}]}},"_links":{"self":[{"href":"https:\/\/fundacjadomkultury.pl\/en\/wp-json\/wp\/v2\/posts\/860","targetHints":{"allow":["GET"]}}],"collection":[{"href":"https:\/\/fundacjadomkultury.pl\/en\/wp-json\/wp\/v2\/posts"}],"about":[{"href":"https:\/\/fundacjadomkultury.pl\/en\/wp-json\/wp\/v2\/types\/post"}],"author":[{"embeddable":true,"href":"https:\/\/fundacjadomkultury.pl\/en\/wp-json\/wp\/v2\/users\/1"}],"replies":[{"embeddable":true,"href":"https:\/\/fundacjadomkultury.pl\/en\/wp-json\/wp\/v2\/comments?post=860"}],"version-history":[{"count":0,"href":"https:\/\/fundacjadomkultury.pl\/en\/wp-json\/wp\/v2\/posts\/860\/revisions"}],"wp:attachment":[{"href":"https:\/\/fundacjadomkultury.pl\/en\/wp-json\/wp\/v2\/media?parent=860"}],"wp:term":[{"taxonomy":"category","embeddable":true,"href":"https:\/\/fundacjadomkultury.pl\/en\/wp-json\/wp\/v2\/categories?post=860"},{"taxonomy":"post_tag","embeddable":true,"href":"https:\/\/fundacjadomkultury.pl\/en\/wp-json\/wp\/v2\/tags?post=860"}],"curies":[{"name":"wp","href":"https:\/\/api.w.org\/{rel}","templated":true}]}}