{"id":2017,"date":"2019-05-05T13:42:53","date_gmt":"2019-05-05T11:42:53","guid":{"rendered":"http:\/\/fundacjadomkultury.pl\/?p=2017"},"modified":"2019-05-05T13:42:53","modified_gmt":"2019-05-05T11:42:53","slug":"2017","status":"publish","type":"post","link":"https:\/\/fundacjadomkultury.pl\/en\/2017\/","title":{"rendered":"Statut Fundacji"},"content":{"rendered":"<div id=\"pl-2017\"  class=\"panel-layout\" >\n<div id=\"pg-2017-0\"  class=\"panel-grid panel-no-style\" >\n<div id=\"pgc-2017-0-0\"  class=\"panel-grid-cell\"  data-weight=\"1\" >\n<div id=\"panel-2017-0-0-0\" class=\"so-panel widget widget_text panel-first-child\" data-index=\"0\" data-style=\"{&quot;background_image_attachment&quot;:false,&quot;background_display&quot;:&quot;tile&quot;}\" >\n<div class=\"textwidget\"><\/div>\n<\/p><\/div>\n<div id=\"panel-2017-0-0-1\" class=\"so-panel widget widget_sow-editor panel-last-child\" data-index=\"1\" data-style=\"{&quot;background_image_attachment&quot;:false,&quot;background_display&quot;:&quot;tile&quot;}\" >\n<div class=\"so-widget-sow-editor so-widget-sow-editor-base\">\n<div class=\"siteorigin-widget-tinymce textwidget\">\n\tSTATUT FUNDACJI<br \/>\nFundacja Dom Kultury<br \/>\nPostanowienia og\u00f3lne<br \/>\n\u00a7 1.<br \/>\n1.Fundacja pod nazw\u0105 Fundacja Dom Kultury, zwana dalej Fundacj\u0105, ustanowiona przez: Rados\u0142awa Adama Guzowskiego zwanego dalej fundatorem, aktem notarialnym sporz\u0105dzonym przez notariusza El\u017cbiet\u0119 Barej-Magiera w kancelarii notarialnej przy ul. Bonifraterskiej  6 w lokalu 17  w Warszawie, w dniu 30 lipca 2007 roku, dzia\u0142a na podstawie przepis\u00f3w prawa polskiego oraz niniejszego statutu.<br \/>\n 2. Fundacja jest apolityczna i nie jest zwi\u0105zana z \u017cadnym wyznaniem.<br \/>\n\u00a7 2.<br \/>\nFundacja ma osobowo\u015b\u0107 prawn\u0105.<br \/>\n\u00a7 3.<br \/>\nSiedzib\u0105 fundacji jest miasto Warszawa.<br \/>\n\u00a7 4.<br \/>\nTerenem dzia\u0142alno\u015bci Fundacji jest obszar Rzeczpospolitej Polskiej, przy czym w zakresie niezb\u0119dnym dla w\u0142a\u015bciwego realizowania cel\u00f3w mo\u017ce ona prowadzi\u0107 dzia\u0142alno\u015b\u0107 tak\u017ce poza granicami Rzeczpospolitej Polskiej.<br \/>\n\u00a7 5.<br \/>\nFundacja mo\u017ce ustanawia\u0107 odznaki, medale honorowe i przyznawa\u0107 je wraz z innymi nagrodami i wyr\u00f3\u017cnieniami, osobom fizycznym i prawnym zas\u0142u\u017conym dla Fundacji.<br \/>\n\u00a7 6.<br \/>\nMinistrem w\u0142a\u015bciwym ze wzgl\u0119du na cele Fundacji jest minister w\u0142a\u015bciwy dla spraw kultury.<br \/>\n\u00a7 7.<br \/>\nCzas trwania Fundacji jest nieoznaczony.<br \/>\nCele i zasady dzia\u0142ania Fundacji<br \/>\n\u00a7 8.<br \/>\nCelami Fundacji s\u0105:<br \/>\n1.\tbudowanie wielokulturowego i wielowyznaniowego spo\u0142ecze\u0144stwa otwartego<br \/>\n2.\tpobudzanie spo\u0142ecze\u0144stwa do aktywnego udzia\u0142u w \u017cyciu kulturalnym i spo\u0142ecznym<br \/>\n3.\tdzia\u0142ania na rzecz readaptacji spo\u0142ecznej<br \/>\n4.\tdzia\u0142ania w zakresie edukacji kulturowej<br \/>\n5.\tdzia\u0142ania na rzecz integracji europejskiej oraz rozwijania kontakt\u00f3w i wsp\u00f3\u0142pracy mi\u0119dzy spo\u0142ecze\u0144stwami<br \/>\n6.\tdzia\u0142alno\u015b\u0107 na rzecz mniejszo\u015bci narodowych i religijnych<br \/>\n7.\tdzia\u0142alno\u015b\u0107 wspomagaj\u0105ca rozw\u00f3j wsp\u00f3lnot i spo\u0142eczno\u015bci lokalnych<br \/>\n8.\tdzia\u0142ania w zakresie kultury, sztuki, ochrony d\u00f3br kultury i tradycji<br \/>\n9.\tdzia\u0142ania na rzecz tolerancji, r\u00f3wno\u015bci spo\u0142ecznej i demokracji<br \/>\n10.\tupowszechnianie i ochrona wolno\u015bci i praw cz\u0142owieka oraz swob\u00f3d obywatelskich<br \/>\n11.\tdzia\u0142alno\u015b\u0107 na rzecz imigrant\u00f3w i uchod\u017ac\u00f3w<br \/>\n12.\tdzia\u0142ania na rzecz upowszechnienia i ochrony praw kobiet oraz r\u00f3wnych praw kobiet i m\u0119\u017cczyzn<br \/>\n13.\tdzia\u0142ania wspieraj\u0105ce rodziny<br \/>\n14.\tdzia\u0142ania na rzecz praw i wychowania dzieci<br \/>\n15.\tdzia\u0142ania na rzecz godnej staro\u015bci<br \/>\n16.\tdzia\u0142ania w zakresie ekologii i na rzecz opieki nad zwierz\u0119tami<br \/>\n17.\tdzia\u0142ania propaguj\u0105ce zdrowy i aktywny styl \u017cycia, wolny od uzale\u017cnie\u0144<br \/>\n18.\tdzia\u0142ania propaguj\u0105ce kultur\u0119 fizyczn\u0105<br \/>\n19.\tprzeciwdzia\u0142ania patologiom spo\u0142ecznym<br \/>\n20.\tdzia\u0142ania na rzecz rozwi\u0105zywania konflikt\u00f3w bez przemocy i mediacyjne<br \/>\n21.\tpromocja i organizacja wolontariatu<br \/>\n22.\tdzia\u0142alno\u015b\u0107 charytatywna.<br \/>\n\u00a7 9.<br \/>\nFundacja realizuje swoje cele poprzez:<br \/>\n1.\torganizowanie wydarze\u0144 kulturalnych i artystycznych,<br \/>\n2.\torganizowanie wydarze\u0144 edukacyjno-kulturalnych<br \/>\n3.\torganizowanie wyk\u0142ad\u00f3w, warsztat\u00f3w, szkole\u0144, zaj\u0119\u0107 zbie\u017cnych z celem Fundacji<br \/>\n4.\tzorganizowanie stacjonarnego domu kultury prowadz\u0105cego cykliczne zaj\u0119cia dla m\u0142odzie\u017cy, dzieci, senior\u00f3w i rodzin<br \/>\n5.\tzorganizowanie klubo-kawiarni prowadz\u0105cej dzia\u0142alno\u015b\u0107 artystyczno-kulturalno-edukacyjn\u0105<br \/>\n6.\tzorganizowanie punkt\u00f3w pomocowych dla os\u00f3b opuszczaj\u0105cych jednostki penitencjarne<br \/>\n7.\torganizowanie cyklicznych zaj\u0119\u0107 dla m\u0142odzie\u017cy, dzieci, senior\u00f3w i rodzin prowadzonych w ramach dzia\u0142alno\u015bci Fundacji w r\u00f3\u017cnych o\u015brodkach artystycznych, o\u015bwiatowych i kulturalnych<br \/>\n8.\torganizowanie cyklicznych zaj\u0119\u0107 dla m\u0142odzie\u017cy, dzieci, senior\u00f3w i rodzin prowadzonych w ramach dzia\u0142alno\u015bci Fundacji w domach dziecka, wi\u0119zieniach, szpitalach, zak\u0142adach poprawczych, o\u015brodkach dla uchod\u017ac\u00f3w i innych plac\u00f3wkach wsparcia, opieki i pomocy spo\u0142ecznej<br \/>\n9.\twsp\u00f3\u0142prac\u0119 z mniejszo\u015bciami spo\u0142ecznymi i religijnymi<br \/>\n10.\twsp\u00f3\u0142prac\u0119 z organizacjami spo\u0142ecznymi<br \/>\n11.\twsp\u00f3\u0142prac\u0119 z w\u0142adzami samorz\u0105dowymi, rz\u0105dowymi i organizacjami pozarz\u0105dowymi w kraju i zagranic\u0105, kt\u00f3rych dzia\u0142alno\u015b\u0107 jest zbie\u017cna z dzia\u0142alno\u015bci\u0105 statutow\u0105 Fundacji<br \/>\n12.\twspieranie innych organizacji pozarz\u0105dowych, kt\u00f3rych dzia\u0142alno\u015b\u0107 jest zbie\u017cna z dzia\u0142alno\u015bci\u0105 statutow\u0105 Fundacji<br \/>\n13.\twspieranie tw\u00f3rc\u00f3w i sztuki oraz mened\u017cer\u00f3w kultury<br \/>\n14.\twspieranie akcji propaguj\u0105cych zdrowy styl \u017cycia, wolny od uzale\u017cnie\u0144<br \/>\n15.\torganizowanie akcji edukacyjnych na rzecz praw kobiet, dzieci i rodziny oraz ekologii,<br \/>\n16.\tzapisywanie i archiwizowanie wydarze\u0144 edukacyjnych i kulturalnych na no\u015bnikach audio<br \/>\ni wideo<br \/>\n17.\ttworzenie archiwum dokumentuj\u0105cego tw\u00f3rczo\u015b\u0107 artystyczn\u0105 i kulturaln\u0105<br \/>\n18.\trozwijanie w\u0142asnej dzia\u0142alno\u015bci artystycznej<br \/>\n19.\torganizowanie akcji charytatywnych<br \/>\n20.\trealizacja projekt\u00f3w w zakresie cel\u00f3w statutowych<br \/>\n21.\tpowy\u017csze dzia\u0142ania realizowane b\u0119d\u0105 jako nieodp\u0142atna dzia\u0142alno\u015b\u0107 po\u017cytku publicznego<br \/>\ni odp\u0142atna dzia\u0142alno\u015b\u0107 po\u017cytku publicznego.<br \/>\n\u00a7 10.<br \/>\nDla osi\u0105gni\u0119cia swych cel\u00f3w Fundacja mo\u017ce wspiera\u0107 dzia\u0142alno\u015b\u0107 innych os\u00f3b i instytucji zbie\u017cn\u0105 z jej celami.<br \/>\nMaj\u0105tek i przychody Fundacji<br \/>\n\u00a7 11.<br \/>\nMaj\u0105tek Fundacji stanowi jej fundusz za\u0142o\u017cycielski w kwocie 1000 PLN (jednego tysi\u0105ca z\u0142otych) oraz inne mienie nabyte przez Fundacj\u0119 w toku dzia\u0142ania.<br \/>\n\u00a7 12.<br \/>\nPrzychody Fundacji pochodzi\u0107 mog\u0105 w szczeg\u00f3lno\u015bci z:<br \/>\n1. darowizn, spadk\u00f3w, zapis\u00f3w<br \/>\n2. dotacji i subwencji oraz grant\u00f3w<br \/>\n3. zbi\u00f3rek, aukcji publicznych i imprez publicznych<br \/>\n4. maj\u0105tku Fundacji<br \/>\n5. odsetek bankowych<br \/>\n6. lokat d\u0142ugoterminowych<br \/>\n7. dzia\u0142alno\u015bci nieodp\u0142atnej<br \/>\n8. dzia\u0142alno\u015bci odp\u0142atnej po\u017cytku publicznego.<br \/>\n\u00a7 13.<br \/>\n1. Przychody pochodz\u0105ce z dotacji, subwencji, darowizn, spadk\u00f3w i zapis\u00f3w mog\u0105 by\u0107 u\u017cyte na realizacj\u0119 cel\u00f3w Fundacji tylko z poszanowaniem woli spadkobierc\u00f3w lub donator\u00f3w.<br \/>\n2. W sprawach przyj\u0119cia darowizn i dziedziczenia o\u015bwiadczenia wymagane przepisami prawa sk\u0142ada Zarz\u0105d Fundacji.<br \/>\n3. W przypadku powo\u0142ania Fundacji do dziedziczenia jej Zarz\u0105d sk\u0142ada o\u015bwiadczenie o przyj\u0119ciu spadku z dobrodziejstwem inwentarza.<br \/>\n4. Wszelkie przychody z dzia\u0142alno\u015bci Fundacji przeznaczone s\u0105 wy\u0142\u0105cznie na realizacj\u0119 cel\u00f3w statutowych.<br \/>\nW\u0142adze Fundacji<br \/>\n\u00a7 14.<br \/>\n1. W\u0142adzami fundacji s\u0105:<br \/>\na) Rada Fundacji<br \/>\nb) Zarz\u0105d Fundacji<br \/>\n2. Cz\u0142onkowie Rady Fundacji nie pobieraj\u0105 wynagrodzenia z tytu\u0142u udzia\u0142u w pracach tego organu, z wyj\u0105tkiem zwrotu udokumentowanych wydatk\u00f3w zwi\u0105zanych z uczestnictwem w pracach tych organ\u00f3w, w tym koszt\u00f3w podr\u00f3\u017cy.<br \/>\nRada Fundacji<br \/>\n\u00a7 15.<br \/>\n1. Rada Fundacji jest organem stanowi\u0105cym, kontrolnym i opiniuj\u0105cym Fundacji.<br \/>\n2. Rada Fundacji sk\u0142ada si\u0119 z trzech lub wi\u0119cej os\u00f3b.<br \/>\n3. W sk\u0142ad pierwszej Rady Fundacji z mocy Statutu wchodzi Fundator. Fundator nie musi wej\u015b\u0107 w kolejne sk\u0142ady Rady Fundacji.<br \/>\n4. Cz\u0142onk\u00f3w pierwszego sk\u0142adu Rady powo\u0142uje Fundator. Nast\u0119pnych cz\u0142onk\u00f3w Rady na miejsce os\u00f3b, kt\u00f3re przesta\u0142y pe\u0142ni\u0107 t\u0119 funkcj\u0119 lub dla rozszerzenia sk\u0142adu Rady, powo\u0142uje sw\u0105 decyzj\u0105 Rada.<br \/>\n5. W szczeg\u00f3lnie uzasadnionych przypadkach odwo\u0142anie cz\u0142onka Rady, i przez to pozbawienie go cz\u0142onkostwa w Radzie, mo\u017ce nast\u0105pi\u0107 w wyniku uchwa\u0142y podj\u0119tej jednog\u0142o\u015bnie przez pozosta\u0142ych cz\u0142onk\u00f3w Rady Fundacji. Fundatorzy nie mog\u0105 by\u0107 w ten spos\u00f3b pozbawieni cz\u0142onkostwa w Radzie Fundacji.<br \/>\n6. Cz\u0142onkostwo w Radzie Fundacji ustaje w przypadku pisemnej rezygnacji z cz\u0142onkostwa, wykluczenia lub \u015bmierci cz\u0142onka Rady.<br \/>\n7. Nie mo\u017cna \u0142\u0105czy\u0107 cz\u0142onkostwa w Radzie Fundacji z pe\u0142nieniem funkcji w Zarz\u0105dzie Fundacji.<br \/>\n8. W razie powo\u0142ania cz\u0142onka Rady Fundacji, za jego zgod\u0105, do Zarz\u0105du &#8211; cz\u0142onkostwo takiej osoby w Radzie Fundacji ulega zawieszeniu, na czas pe\u0142nienia funkcji.<br \/>\n9. Rada wybiera ze swego grona Przewodnicz\u0105cego Rady. Przewodnicz\u0105cy Rady kieruje pracami Rady, reprezentuje j\u0105 na zewn\u0105trz oraz zwo\u0142uje i przewodniczy zebraniom Rady.<br \/>\n\u00a7 16.<br \/>\n1. Rada Fundacji zbiera si\u0119, co najmniej raz w roku.<br \/>\n2. Rad\u0119 Fundacji zwo\u0142uje Przewodnicz\u0105cy Rady z w\u0142asnej inicjatywy albo na wniosek Zarz\u0105du lub Fundatora, zg\u0142oszony na pi\u015bmie.<br \/>\n3. Rada Fundacji podejmuje decyzje w formie uchwa\u0142 &#8211; zwyk\u0142\u0105 wi\u0119kszo\u015bci\u0105 g\u0142os\u00f3w; w razie r\u00f3wnej liczby g\u0142os\u00f3w decyduje g\u0142os Przewodnicz\u0105cego.<br \/>\n\u00a7 17.<br \/>\nDo zada\u0144 Rady nale\u017cy w szczeg\u00f3lno\u015bci:<br \/>\n1. Powo\u0142ywanie i odwo\u0142ywanie Zarz\u0105du.<br \/>\n2. Podejmowanie decyzji o zatrudnieniu cz\u0142onk\u00f3w Zarz\u0105du i ustalanie ich wynagrodzenia.<br \/>\n3. Ocena pracy Zarz\u0105du, przyjmowanie corocznych sprawozda\u0144 lub bilansu i udzielanie cz\u0142onkom Zarz\u0105du absolutorium.<br \/>\n4. Kontrolowanie bie\u017c\u0105cej dzia\u0142alno\u015bci Zarz\u0105du Fundacji.<br \/>\n5. Wytyczanie g\u0142\u00f3wnych kierunk\u00f3w dzia\u0142alno\u015bci Fundacji.<br \/>\n6. Nadz\u00f3r nad dzia\u0142alno\u015bci\u0105 Fundacji.<br \/>\n7. Podejmowanie na wniosek Zarz\u0105du Fundacji decyzji w sprawie po\u0142\u0105czenia z inn\u0105 Fundacj\u0105 lub o likwidacji Fundacji.<br \/>\n\u00a7 18.<br \/>\nRada Fundacji w celu wykonania swych zada\u0144 jest uprawniona do:<br \/>\n1. \u017b\u0105dania od Zarz\u0105du Fundacji przedstawienia wszelkich dokument\u00f3w dotycz\u0105cych dzia\u0142alno\u015bci Fundacji.<br \/>\n2. Dokonywania rewizji maj\u0105tku oraz kontroli finansowej Fundacji.<br \/>\nZarz\u0105d Fundacji<br \/>\n\u00a7 19.<br \/>\n1. Zarz\u0105d Fundacji sk\u0142ada si\u0119 z jednej do trzech os\u00f3b powo\u0142ywanych przez Rad\u0119 Fundacji na trzyletni\u0105 kadencj\u0119.<br \/>\n2. Cz\u0142onk\u00f3w pierwszego sk\u0142adu Zarz\u0105du powo\u0142uje Fundator. Nast\u0119pnych cz\u0142onk\u00f3w Zarz\u0105du na miejsce os\u00f3b, kt\u00f3re przesta\u0142y pe\u0142ni\u0107 t\u0119 funkcj\u0119 lub dla rozszerzenia sk\u0142adu Zarz\u0105du powo\u0142uje sw\u0105 decyzj\u0105 Rada.<br \/>\n3. Funkcj\u0119 cz\u0142onka Zarz\u0105du mo\u017cna pe\u0142ni\u0107 przez wi\u0119cej ni\u017c jedn\u0105 kadencj\u0119.<br \/>\n4. Rada Fundacji powo\u0142uje Prezesa Zarz\u0105du.<br \/>\n5. Zarz\u0105d Fundacji w ca\u0142o\u015bci lub jej poszczeg\u00f3lni cz\u0142onkowie mog\u0105 by\u0107 odwo\u0142ani przez Rad\u0119 Fundacji przed up\u0142ywem kadencji w drodze uchwa\u0142y podj\u0119tej jednomy\u015blnie przez wszystkich cz\u0142onk\u00f3w Rady.<br \/>\n6. Cz\u0142onkowie Zarz\u0105du z tytu\u0142u pe\u0142nienia swych funkcji mog\u0105 by\u0107 wynagradzani s\u0105 przez Rad\u0119 Fundacji.<br \/>\n\u00a7 20.<br \/>\n1. Zarz\u0105d kieruje dzia\u0142alno\u015bci\u0105 Fundacji i reprezentuje j\u0105 na zewn\u0105trz.<br \/>\n2. Do zada\u0144 Zarz\u0105du nale\u017cy w szczeg\u00f3lno\u015bci:<br \/>\n a. uchwalanie rocznych plan\u00f3w dzia\u0142ania Fundacji oraz plan\u00f3w finansowych<br \/>\n b. uchwalanie regulamin\u00f3w<br \/>\n c. sprawowanie zarz\u0105du maj\u0105tkiem Fundacji<br \/>\n d. ustalanie wielko\u015bci zatrudnienia i wysoko\u015bci \u015brodk\u00f3w na wynagrodzenia pracownik\u00f3w Fundacji<br \/>\n e. podejmowanie decyzji we wszelkich sprawach nieprzekazanych do kompetencji innych organ\u00f3w<br \/>\n f. przyjmowanie darowizn, spadk\u00f3w i zapis\u00f3w, subwencji i dotacji<br \/>\n g. wyst\u0119powanie z wnioskiem do Rady Fundacji o wyra\u017canie zgody w sprawie zmian statutu Fundacji po\u0142\u0105czenia z inn\u0105 fundacj\u0105 oraz likwidacji Fundacji.<br \/>\n3. Zarz\u0105d podejmuje decyzje na posiedzeniach kolegialnie, w formie uchwa\u0142.<br \/>\n4. O posiedzeniu musz\u0105 by\u0107 powiadomieni wszyscy cz\u0142onkowie Zarz\u0105du.<br \/>\n5. Zarz\u0105d mo\u017ce powo\u0142ywa\u0107 pe\u0142nomocnik\u00f3w do kierowania wyodr\u0119bnion\u0105 sfer\u0105 spraw nale\u017c\u0105cych do zada\u0144 Fundacji.<br \/>\n6. Zarz\u0105d co roku, do dnia 30 wrze\u015bnia, zobowi\u0105zany jest przedk\u0142ada\u0107 Radzie Fundacji Roczne Sprawozdanie z dzia\u0142alno\u015bci Fundacji.<br \/>\n7. Zarz\u0105d mo\u017ce powo\u0142a\u0107 jako cia\u0142o doradcze Komisj\u0119 Programow\u0105, z\u0142o\u017con\u0105 z os\u00f3b skupionych wok\u00f3\u0142 idei Fundacji.<br \/>\nSpos\u00f3b Reprezentacji<br \/>\n\u00a7 21.<br \/>\n1. O\u015bwiadczenia woli w imieniu Fundacji sk\u0142ada jeden cz\u0142onek Zarz\u0105du.<br \/>\nZmiana Statutu<br \/>\n\u00a7 22.<br \/>\nZmian w statucie Fundacji dokonuje Zarz\u0105d Fundacji jednog\u0142o\u015bnie, za zgod\u0105 Rady Fundacji. Zmiany statutu mog\u0105 dotyczy\u0107 cel\u00f3w, dla realizacji kt\u00f3rych Fundacja zasta\u0142a ustanowiona i okre\u015blonych w akcie za\u0142o\u017cycielskim.<br \/>\nPo\u0142\u0105czenie z inn\u0105 fundacj\u0105<br \/>\n\u00a7 23.<br \/>\n1. Fundacja mo\u017ce si\u0119 po\u0142\u0105czy\u0107 z inn\u0105 fundacj\u0105 dla efektywnego realizowania swoich cel\u00f3w.<br \/>\n2. Po\u0142\u0105czenie z inna fundacj\u0105 nie mo\u017ce nast\u0105pi\u0107, je\u017celi w jego wyniku m\u00f3g\u0142by ulec istotnej zmianie cel Fundacji.<br \/>\n\u00a7 24.<br \/>\nW sprawach po\u0142\u0105czenia z inn\u0105 Fundacj\u0105 w\u0142a\u015bciwy jest Zarz\u0105d, przy czym jego decyzje zapadaj\u0105 w drodze jednomy\u015blnej uchwa\u0142y i dla swej skuteczno\u015bci wymagaj\u0105 zatwierdzenia przez Rad\u0119 Fundacji.<br \/>\nLikwidacja Fundacji<br \/>\n\u00a7 25.<br \/>\n1. Fundacja ulega likwidacji w razie osi\u0105gni\u0119cia cel\u00f3w, dla kt\u00f3rych zosta\u0142a ustawiona lub w razie wyczerpania si\u0119 jej \u015brodk\u00f3w finansowych i maj\u0105tku.<br \/>\n2. Likwidator\u00f3w Fundacji powo\u0142uje i odwo\u0142uje Rada Fundacji.<br \/>\n\u00a7 26.<br \/>\nDecyzj\u0119 o likwidacji podejmuje Zarz\u0105d w drodze jednomy\u015blnej uchwa\u0142y, kt\u00f3ra w celu wywo\u0142ania skutk\u00f3w prawnych wymaga zatwierdzenia przez Rad\u0119 Fundacji.<br \/>\n\u00a7 27.<br \/>\n\u015arodki finansowe i maj\u0105tek pozosta\u0142y po likwidacji fundacji zostan\u0105 przeznaczone moc\u0105 uchwa\u0142y Rady Fundacji na rzecz dzia\u0142aj\u0105cych w RP fundacji o zbli\u017conych celach.\n<\/div>\n<\/div>\n<\/div>\n<\/div>\n<\/div>\n<\/div>\n","protected":false},"excerpt":{"rendered":"<p>STATUT FUNDACJI Fundacja Dom Kultury Postanowienia og\u00f3lne \u00a7 1. 1.Fundacja pod nazw\u0105 Fundacja Dom Kultury, zwana &hellip; <a href=\"https:\/\/fundacjadomkultury.pl\/en\/2017\/\" class=\"more-link\">Czytaj dalej<span class=\"screen-reader-text\"> \u201eStatut Fundacji\u201d<\/span><\/a><\/p>\n","protected":false},"author":1,"featured_media":0,"comment_status":"closed","ping_status":"closed","sticky":false,"template":"","format":"standard","meta":{"footnotes":""},"categories":[1],"tags":[],"class_list":["post-2017","post","type-post","status-publish","format-standard","hentry","category-bez-kategorii"],"yoast_head":"<!-- This site is optimized with the Yoast SEO plugin v27.4 - https:\/\/yoast.com\/product\/yoast-seo-wordpress\/ -->\n<title>Statut Fundacji - Fundacja Dom Kultury<\/title>\n<meta name=\"robots\" content=\"index, follow, max-snippet:-1, max-image-preview:large, max-video-preview:-1\" \/>\n<link rel=\"canonical\" href=\"https:\/\/fundacjadomkultury.pl\/en\/2017\/\" \/>\n<meta property=\"og:locale\" content=\"pl_PL\" \/>\n<meta property=\"og:type\" content=\"article\" \/>\n<meta property=\"og:title\" content=\"Statut Fundacji - Fundacja Dom Kultury\" \/>\n<meta property=\"og:description\" content=\"STATUT FUNDACJI Fundacja Dom Kultury Postanowienia og\u00f3lne \u00a7 1. 1.Fundacja pod nazw\u0105 Fundacja Dom Kultury, zwana &hellip; Czytaj dalej \u201eStatut Fundacji\u201d\" \/>\n<meta property=\"og:url\" content=\"https:\/\/fundacjadomkultury.pl\/en\/2017\/\" \/>\n<meta property=\"og:site_name\" content=\"Fundacja Dom Kultury\" \/>\n<meta property=\"article:published_time\" content=\"2019-05-05T11:42:53+00:00\" \/>\n<meta name=\"author\" content=\"wojtek\" \/>\n<meta name=\"twitter:card\" content=\"summary_large_image\" \/>\n<meta name=\"twitter:label1\" content=\"Napisane przez\" \/>\n\t<meta name=\"twitter:data1\" content=\"wojtek\" \/>\n\t<meta name=\"twitter:label2\" content=\"Szacowany czas czytania\" \/>\n\t<meta name=\"twitter:data2\" content=\"9 minut\" \/>\n<script type=\"application\/ld+json\" class=\"yoast-schema-graph\">{\"@context\":\"https:\\\/\\\/schema.org\",\"@graph\":[{\"@type\":\"Article\",\"@id\":\"https:\\\/\\\/fundacjadomkultury.pl\\\/en\\\/2017\\\/#article\",\"isPartOf\":{\"@id\":\"https:\\\/\\\/fundacjadomkultury.pl\\\/en\\\/2017\\\/\"},\"author\":{\"name\":\"wojtek\",\"@id\":\"https:\\\/\\\/fundacjadomkultury.pl\\\/en\\\/#\\\/schema\\\/person\\\/0f182b8ac59ee2351f00dbc1ca9ac9ab\"},\"headline\":\"Statut Fundacji\",\"datePublished\":\"2019-05-05T11:42:53+00:00\",\"mainEntityOfPage\":{\"@id\":\"https:\\\/\\\/fundacjadomkultury.pl\\\/en\\\/2017\\\/\"},\"wordCount\":1896,\"inLanguage\":\"pl-PL\"},{\"@type\":\"WebPage\",\"@id\":\"https:\\\/\\\/fundacjadomkultury.pl\\\/en\\\/2017\\\/\",\"url\":\"https:\\\/\\\/fundacjadomkultury.pl\\\/en\\\/2017\\\/\",\"name\":\"Statut Fundacji - Fundacja Dom Kultury\",\"isPartOf\":{\"@id\":\"https:\\\/\\\/fundacjadomkultury.pl\\\/en\\\/#website\"},\"datePublished\":\"2019-05-05T11:42:53+00:00\",\"author\":{\"@id\":\"https:\\\/\\\/fundacjadomkultury.pl\\\/en\\\/#\\\/schema\\\/person\\\/0f182b8ac59ee2351f00dbc1ca9ac9ab\"},\"breadcrumb\":{\"@id\":\"https:\\\/\\\/fundacjadomkultury.pl\\\/en\\\/2017\\\/#breadcrumb\"},\"inLanguage\":\"pl-PL\",\"potentialAction\":[{\"@type\":\"ReadAction\",\"target\":[\"https:\\\/\\\/fundacjadomkultury.pl\\\/en\\\/2017\\\/\"]}]},{\"@type\":\"BreadcrumbList\",\"@id\":\"https:\\\/\\\/fundacjadomkultury.pl\\\/en\\\/2017\\\/#breadcrumb\",\"itemListElement\":[{\"@type\":\"ListItem\",\"position\":1,\"name\":\"Strona g\u0142\u00f3wna\",\"item\":\"https:\\\/\\\/fundacjadomkultury.pl\\\/en\\\/\"},{\"@type\":\"ListItem\",\"position\":2,\"name\":\"Statut Fundacji\"}]},{\"@type\":\"WebSite\",\"@id\":\"https:\\\/\\\/fundacjadomkultury.pl\\\/en\\\/#website\",\"url\":\"https:\\\/\\\/fundacjadomkultury.pl\\\/en\\\/\",\"name\":\"Fundacja Dom Kultury\",\"description\":\"Kolejna witryna oparta na WordPressie\",\"potentialAction\":[{\"@type\":\"SearchAction\",\"target\":{\"@type\":\"EntryPoint\",\"urlTemplate\":\"https:\\\/\\\/fundacjadomkultury.pl\\\/en\\\/?s={search_term_string}\"},\"query-input\":{\"@type\":\"PropertyValueSpecification\",\"valueRequired\":true,\"valueName\":\"search_term_string\"}}],\"inLanguage\":\"pl-PL\"},{\"@type\":\"Person\",\"@id\":\"https:\\\/\\\/fundacjadomkultury.pl\\\/en\\\/#\\\/schema\\\/person\\\/0f182b8ac59ee2351f00dbc1ca9ac9ab\",\"name\":\"wojtek\",\"sameAs\":[\"https:\\\/\\\/fundacjadomkultury.pl\\\/en\"],\"url\":\"https:\\\/\\\/fundacjadomkultury.pl\\\/en\\\/author\\\/wojtek\\\/\"}]}<\/script>\n<!-- \/ Yoast SEO plugin. -->","yoast_head_json":{"title":"Statut Fundacji - Fundacja Dom Kultury","robots":{"index":"index","follow":"follow","max-snippet":"max-snippet:-1","max-image-preview":"max-image-preview:large","max-video-preview":"max-video-preview:-1"},"canonical":"https:\/\/fundacjadomkultury.pl\/en\/2017\/","og_locale":"pl_PL","og_type":"article","og_title":"Statut Fundacji - Fundacja Dom Kultury","og_description":"STATUT FUNDACJI Fundacja Dom Kultury Postanowienia og\u00f3lne \u00a7 1. 1.Fundacja pod nazw\u0105 Fundacja Dom Kultury, zwana &hellip; Czytaj dalej \u201eStatut Fundacji\u201d","og_url":"https:\/\/fundacjadomkultury.pl\/en\/2017\/","og_site_name":"Fundacja Dom Kultury","article_published_time":"2019-05-05T11:42:53+00:00","author":"wojtek","twitter_card":"summary_large_image","twitter_misc":{"Napisane przez":"wojtek","Szacowany czas czytania":"9 minut"},"schema":{"@context":"https:\/\/schema.org","@graph":[{"@type":"Article","@id":"https:\/\/fundacjadomkultury.pl\/en\/2017\/#article","isPartOf":{"@id":"https:\/\/fundacjadomkultury.pl\/en\/2017\/"},"author":{"name":"wojtek","@id":"https:\/\/fundacjadomkultury.pl\/en\/#\/schema\/person\/0f182b8ac59ee2351f00dbc1ca9ac9ab"},"headline":"Statut Fundacji","datePublished":"2019-05-05T11:42:53+00:00","mainEntityOfPage":{"@id":"https:\/\/fundacjadomkultury.pl\/en\/2017\/"},"wordCount":1896,"inLanguage":"pl-PL"},{"@type":"WebPage","@id":"https:\/\/fundacjadomkultury.pl\/en\/2017\/","url":"https:\/\/fundacjadomkultury.pl\/en\/2017\/","name":"Statut Fundacji - Fundacja Dom Kultury","isPartOf":{"@id":"https:\/\/fundacjadomkultury.pl\/en\/#website"},"datePublished":"2019-05-05T11:42:53+00:00","author":{"@id":"https:\/\/fundacjadomkultury.pl\/en\/#\/schema\/person\/0f182b8ac59ee2351f00dbc1ca9ac9ab"},"breadcrumb":{"@id":"https:\/\/fundacjadomkultury.pl\/en\/2017\/#breadcrumb"},"inLanguage":"pl-PL","potentialAction":[{"@type":"ReadAction","target":["https:\/\/fundacjadomkultury.pl\/en\/2017\/"]}]},{"@type":"BreadcrumbList","@id":"https:\/\/fundacjadomkultury.pl\/en\/2017\/#breadcrumb","itemListElement":[{"@type":"ListItem","position":1,"name":"Strona g\u0142\u00f3wna","item":"https:\/\/fundacjadomkultury.pl\/en\/"},{"@type":"ListItem","position":2,"name":"Statut Fundacji"}]},{"@type":"WebSite","@id":"https:\/\/fundacjadomkultury.pl\/en\/#website","url":"https:\/\/fundacjadomkultury.pl\/en\/","name":"Fundacja Dom Kultury","description":"Kolejna witryna oparta na WordPressie","potentialAction":[{"@type":"SearchAction","target":{"@type":"EntryPoint","urlTemplate":"https:\/\/fundacjadomkultury.pl\/en\/?s={search_term_string}"},"query-input":{"@type":"PropertyValueSpecification","valueRequired":true,"valueName":"search_term_string"}}],"inLanguage":"pl-PL"},{"@type":"Person","@id":"https:\/\/fundacjadomkultury.pl\/en\/#\/schema\/person\/0f182b8ac59ee2351f00dbc1ca9ac9ab","name":"wojtek","sameAs":["https:\/\/fundacjadomkultury.pl\/en"],"url":"https:\/\/fundacjadomkultury.pl\/en\/author\/wojtek\/"}]}},"_links":{"self":[{"href":"https:\/\/fundacjadomkultury.pl\/en\/wp-json\/wp\/v2\/posts\/2017","targetHints":{"allow":["GET"]}}],"collection":[{"href":"https:\/\/fundacjadomkultury.pl\/en\/wp-json\/wp\/v2\/posts"}],"about":[{"href":"https:\/\/fundacjadomkultury.pl\/en\/wp-json\/wp\/v2\/types\/post"}],"author":[{"embeddable":true,"href":"https:\/\/fundacjadomkultury.pl\/en\/wp-json\/wp\/v2\/users\/1"}],"replies":[{"embeddable":true,"href":"https:\/\/fundacjadomkultury.pl\/en\/wp-json\/wp\/v2\/comments?post=2017"}],"version-history":[{"count":0,"href":"https:\/\/fundacjadomkultury.pl\/en\/wp-json\/wp\/v2\/posts\/2017\/revisions"}],"wp:attachment":[{"href":"https:\/\/fundacjadomkultury.pl\/en\/wp-json\/wp\/v2\/media?parent=2017"}],"wp:term":[{"taxonomy":"category","embeddable":true,"href":"https:\/\/fundacjadomkultury.pl\/en\/wp-json\/wp\/v2\/categories?post=2017"},{"taxonomy":"post_tag","embeddable":true,"href":"https:\/\/fundacjadomkultury.pl\/en\/wp-json\/wp\/v2\/tags?post=2017"}],"curies":[{"name":"wp","href":"https:\/\/api.w.org\/{rel}","templated":true}]}}