{"id":12416,"date":"2023-04-17T09:54:57","date_gmt":"2023-04-17T07:54:57","guid":{"rendered":"https:\/\/fundacjadomkultury.pl\/en\/?p=12416"},"modified":"2023-10-30T10:34:11","modified_gmt":"2023-10-30T09:34:11","slug":"conversation","status":"publish","type":"post","link":"https:\/\/fundacjadomkultury.pl\/en\/conversation\/","title":{"rendered":"CONVERSATION"},"content":{"rendered":"<div class=\"wp-block-image\">\n<figure class=\"aligncenter size-large is-resized\"><img loading=\"lazy\" decoding=\"async\" class=\"wp-image-13819\" src=\"https:\/\/fundacjadomkultury.pl\/wp-content\/uploads\/rozMOWa_na_bialym_tle_RGB-1024x318.jpg\" sizes=\"auto, (max-width: 532px) 85vw, 532px\" srcset=\"https:\/\/fundacjadomkultury.pl\/wp-content\/uploads\/rozMOWa_na_bialym_tle_RGB-1024x318.jpg 1024w, https:\/\/fundacjadomkultury.pl\/wp-content\/uploads\/rozMOWa_na_bialym_tle_RGB-300x93.jpg 300w, https:\/\/fundacjadomkultury.pl\/wp-content\/uploads\/rozMOWa_na_bialym_tle_RGB-768x238.jpg 768w, https:\/\/fundacjadomkultury.pl\/wp-content\/uploads\/rozMOWa_na_bialym_tle_RGB-1200x372.jpg 1200w, https:\/\/fundacjadomkultury.pl\/wp-content\/uploads\/rozMOWa_na_bialym_tle_RGB.jpg 1247w\" alt=\"\" width=\"532\" height=\"165\" \/><figcaption><\/figcaption><\/figure>\n<\/div>\n<p><span style=\"color: #000000;\"><span style=\"font-family: Arial;\"><span style=\"font-size: small;\">Graphics: Ma\u0142gorzata Jab\u0142o\u0144ska and Piotr Szewczyk<\/span><\/span><\/span><\/p>\n<p><iframe loading=\"lazy\" title=\"RozMOWa, koncert m\u0142odych raperek i raper\u00f3w\" width=\"840\" height=\"473\" src=\"https:\/\/www.youtube.com\/embed\/PMwlFjznc8c?feature=oembed\" frameborder=\"0\" allow=\"accelerometer; autoplay; clipboard-write; encrypted-media; gyroscope; picture-in-picture; web-share\" allowfullscreen><\/iframe><\/p>\n<p><span style=\"color: #000000;\"><span style=\"font-family: Arial;\"><span style=\"font-size: small;\">&#8222;Conversation&#8221; is a series of workshops aimed at building language and social skills for boys in isolation at the Youth Educational Center on Barska Street and boys and girls at the Youth Sociotherapeutic Center No. 8 in Rado\u015b\u0107.<\/span><\/span><\/span><\/p>\n<p><span style=\"color: #000000;\"><span style=\"font-family: Arial;\"><span style=\"font-size: small;\">The six-month program includes classes dedicated to young Polish poetry, author meetings with poets Ewa Fr\u0105czek-Bi\u0142at and Mateusz Marczewski, an author meeting with rapper Muflon, workshops for writing their own poetic-rap texts, rap and improvisation workshops, and finally preparing a concert based on texts written by the participants (rehearsals, rehearsals, and rehearsals again!). In October 2023, we will invite you to the final live hip-hop concert at the Klub Komediowy in Warsaw.<\/span><\/span><\/span><\/p>\n<p><span style=\"color: #000000;\"><span style=\"font-family: Arial;\"><span style=\"font-size: small;\">The texts rapped by the boys will be recorded in audio format, and the concert will be recorded in video format. <\/span><\/span><\/span><span style=\"color: #000000;\"><span style=\"font-family: Arial;\"><span style=\"font-size: small;\">The productions created within the &#8222;Conversation&#8221; project will reach a wide audience online.<\/span><\/span><\/span><\/p>\n<p><span style=\"color: #000000;\"><span style=\"font-family: Arial;\"><span style=\"font-size: small;\">&#8222;Conversation&#8221; is an example of good practices in conducting Polish language classes for excluded youth and social inclusion through participation in culture. We have invited professionals &#8211; charismatic personalities who will guide the participants into the world of the Polish language, poetry, rap, and their own creativity.<\/span><\/span><\/span><\/p>\n<p><span style=\"color: #000000;\"><span style=\"font-family: Arial;\"><span style=\"font-size: small;\">The &#8222;Conversation&#8221; project is implemented in partnership with the Youth Educational Center of the Orionist Fathers in Warsaw, the Youth Sociotherapeutic Center No. 8 in Rado\u015b\u0107, and the Klub Komediowy theater in Warsaw.<\/span><\/span><\/span><\/p>\n<hr \/>\n<p><a href=\"https:\/\/fundacjadomkultury.pl\/rozmowa-galeria-foto\/\"><img loading=\"lazy\" decoding=\"async\" class=\"aligncenter wp-image-13628\" src=\"https:\/\/fundacjadomkultury.pl\/en\/wp-content\/uploads\/2023\/04\/Photo-Gallery-Rozmowa-300x200.jpg\" alt=\"\" width=\"405\" height=\"270\" srcset=\"https:\/\/fundacjadomkultury.pl\/en\/wp-content\/uploads\/2023\/04\/Photo-Gallery-Rozmowa-300x200.jpg 300w, https:\/\/fundacjadomkultury.pl\/en\/wp-content\/uploads\/2023\/04\/Photo-Gallery-Rozmowa-1024x683.jpg 1024w, https:\/\/fundacjadomkultury.pl\/en\/wp-content\/uploads\/2023\/04\/Photo-Gallery-Rozmowa-768x512.jpg 768w, https:\/\/fundacjadomkultury.pl\/en\/wp-content\/uploads\/2023\/04\/Photo-Gallery-Rozmowa-1200x800.jpg 1200w, https:\/\/fundacjadomkultury.pl\/en\/wp-content\/uploads\/2023\/04\/Photo-Gallery-Rozmowa-272x182.jpg 272w, https:\/\/fundacjadomkultury.pl\/en\/wp-content\/uploads\/2023\/04\/Photo-Gallery-Rozmowa.jpg 1347w\" sizes=\"auto, (max-width: 405px) 85vw, 405px\" \/><\/a> <a href=\"https:\/\/fundacjadomkultury.pl\/rozmowa-cwiczenia-i-proby\/\"><img loading=\"lazy\" decoding=\"async\" class=\"aligncenter wp-image-13629\" src=\"https:\/\/fundacjadomkultury.pl\/en\/wp-content\/uploads\/2023\/04\/Kopia_zapasowa_Przygotowania-i-proby-eng-300x200.jpg\" alt=\"\" width=\"404\" height=\"269\" srcset=\"https:\/\/fundacjadomkultury.pl\/en\/wp-content\/uploads\/2023\/04\/Kopia_zapasowa_Przygotowania-i-proby-eng-300x200.jpg 300w, https:\/\/fundacjadomkultury.pl\/en\/wp-content\/uploads\/2023\/04\/Kopia_zapasowa_Przygotowania-i-proby-eng-1024x683.jpg 1024w, https:\/\/fundacjadomkultury.pl\/en\/wp-content\/uploads\/2023\/04\/Kopia_zapasowa_Przygotowania-i-proby-eng-768x512.jpg 768w, https:\/\/fundacjadomkultury.pl\/en\/wp-content\/uploads\/2023\/04\/Kopia_zapasowa_Przygotowania-i-proby-eng-1200x800.jpg 1200w, https:\/\/fundacjadomkultury.pl\/en\/wp-content\/uploads\/2023\/04\/Kopia_zapasowa_Przygotowania-i-proby-eng-272x182.jpg 272w, https:\/\/fundacjadomkultury.pl\/en\/wp-content\/uploads\/2023\/04\/Kopia_zapasowa_Przygotowania-i-proby-eng.jpg 1347w\" sizes=\"auto, (max-width: 404px) 85vw, 404px\" \/><\/a><\/p>\n<hr \/>\n<p><span style=\"color: #000000;\"><span style=\"font-family: Arial;\"><span style=\"font-size: small;\">Co-financed by the Minister of Culture and National Heritage within the National Center for Culture program: Homeland &#8211; add to favorites. Edition 2023<\/span><\/span><\/span><\/p>\n<hr class=\"wp-block-separator\" \/>\n<div class=\"wp-block-image\"><img loading=\"lazy\" decoding=\"async\" class=\"wp-image-12335 aligncenter\" src=\"https:\/\/fundacjadomkultury.pl\/en\/wp-content\/uploads\/2023\/04\/05_znak_uproszczony_kolor_biale_tlo_RGB-300x62.png\" alt=\"\" width=\"498\" height=\"103\" srcset=\"https:\/\/fundacjadomkultury.pl\/en\/wp-content\/uploads\/2023\/04\/05_znak_uproszczony_kolor_biale_tlo_RGB-300x62.png 300w, https:\/\/fundacjadomkultury.pl\/en\/wp-content\/uploads\/2023\/04\/05_znak_uproszczony_kolor_biale_tlo_RGB-1024x211.png 1024w, https:\/\/fundacjadomkultury.pl\/en\/wp-content\/uploads\/2023\/04\/05_znak_uproszczony_kolor_biale_tlo_RGB-768x158.png 768w, https:\/\/fundacjadomkultury.pl\/en\/wp-content\/uploads\/2023\/04\/05_znak_uproszczony_kolor_biale_tlo_RGB-1536x316.png 1536w, https:\/\/fundacjadomkultury.pl\/en\/wp-content\/uploads\/2023\/04\/05_znak_uproszczony_kolor_biale_tlo_RGB-2048x422.png 2048w, https:\/\/fundacjadomkultury.pl\/en\/wp-content\/uploads\/2023\/04\/05_znak_uproszczony_kolor_biale_tlo_RGB-1200x247.png 1200w\" sizes=\"auto, (max-width: 498px) 85vw, 498px\" \/><\/div>\n<hr class=\"wp-block-separator\" \/>\n<figure class=\"wp-block-image size-full is-resized\"><img loading=\"lazy\" decoding=\"async\" class=\"wp-image-13814\" src=\"http:\/\/fundacjadomkultury.pl\/wp-content\/uploads\/download-3.png\" sizes=\"auto, (max-width: 226px) 85vw, 226px\" srcset=\"https:\/\/fundacjadomkultury.pl\/wp-content\/uploads\/download-3.png 364w, https:\/\/fundacjadomkultury.pl\/wp-content\/uploads\/download-3-300x114.png 300w\" alt=\"\" width=\"226\" height=\"86\" \/><\/figure>\n<figure class=\"wp-block-image size-full is-resized\"><img loading=\"lazy\" decoding=\"async\" class=\"wp-image-13815\" src=\"http:\/\/fundacjadomkultury.pl\/wp-content\/uploads\/pobrane-1-150x150-2.jpg\" alt=\"\" width=\"108\" height=\"108\" \/><\/figure>\n<figure class=\"wp-block-image size-full is-resized\"><img loading=\"lazy\" decoding=\"async\" class=\"wp-image-13816\" src=\"https:\/\/fundacjadomkultury.pl\/wp-content\/uploads\/max1920x1920trifx18ef26059814efbd_eduresized_pobrane.png\" alt=\"\" width=\"155\" height=\"96\" \/><\/figure>\n","protected":false},"excerpt":{"rendered":"<p>Graphics: Ma\u0142gorzata Jab\u0142o\u0144ska and Piotr Szewczyk &#8222;Conversation&#8221; is a series of workshops aimed at building language &hellip; <a href=\"https:\/\/fundacjadomkultury.pl\/en\/conversation\/\" class=\"more-link\">Czytaj dalej<span class=\"screen-reader-text\"> \u201eCONVERSATION\u201d<\/span><\/a><\/p>\n","protected":false},"author":1,"featured_media":0,"comment_status":"closed","ping_status":"closed","sticky":false,"template":"","format":"standard","meta":{"footnotes":""},"categories":[1],"tags":[],"class_list":["post-12416","post","type-post","status-publish","format-standard","hentry","category-bez-kategorii"],"yoast_head":"<!-- This site is optimized with the Yoast SEO plugin v27.5 - https:\/\/yoast.com\/product\/yoast-seo-wordpress\/ -->\n<title>CONVERSATION - Fundacja Dom Kultury<\/title>\n<meta name=\"robots\" content=\"index, follow, max-snippet:-1, max-image-preview:large, max-video-preview:-1\" \/>\n<link rel=\"canonical\" href=\"https:\/\/fundacjadomkultury.pl\/en\/conversation\/\" \/>\n<meta property=\"og:locale\" content=\"pl_PL\" \/>\n<meta property=\"og:type\" content=\"article\" \/>\n<meta property=\"og:title\" content=\"CONVERSATION - Fundacja Dom Kultury\" \/>\n<meta property=\"og:description\" content=\"Graphics: Ma\u0142gorzata Jab\u0142o\u0144ska and Piotr Szewczyk &#8222;Conversation&#8221; is a series of workshops aimed at building language &hellip; Czytaj dalej \u201eCONVERSATION\u201d\" \/>\n<meta property=\"og:url\" content=\"https:\/\/fundacjadomkultury.pl\/en\/conversation\/\" \/>\n<meta property=\"og:site_name\" content=\"Fundacja Dom Kultury\" \/>\n<meta property=\"article:published_time\" content=\"2023-04-17T07:54:57+00:00\" \/>\n<meta property=\"article:modified_time\" content=\"2023-10-30T09:34:11+00:00\" \/>\n<meta property=\"og:image\" content=\"https:\/\/fundacjadomkultury.pl\/wp-content\/uploads\/rozMOWa_na_bialym_tle_RGB-1024x318.jpg\" \/>\n<meta name=\"author\" content=\"wojtek\" \/>\n<meta name=\"twitter:card\" content=\"summary_large_image\" \/>\n<meta name=\"twitter:label1\" content=\"Napisane przez\" \/>\n\t<meta name=\"twitter:data1\" content=\"wojtek\" \/>\n\t<meta name=\"twitter:label2\" content=\"Szacowany czas czytania\" \/>\n\t<meta name=\"twitter:data2\" content=\"3 minuty\" \/>\n<script type=\"application\/ld+json\" class=\"yoast-schema-graph\">{\"@context\":\"https:\\\/\\\/schema.org\",\"@graph\":[{\"@type\":\"Article\",\"@id\":\"https:\\\/\\\/fundacjadomkultury.pl\\\/en\\\/conversation\\\/#article\",\"isPartOf\":{\"@id\":\"https:\\\/\\\/fundacjadomkultury.pl\\\/en\\\/conversation\\\/\"},\"author\":{\"name\":\"wojtek\",\"@id\":\"https:\\\/\\\/fundacjadomkultury.pl\\\/en\\\/#\\\/schema\\\/person\\\/0f182b8ac59ee2351f00dbc1ca9ac9ab\"},\"headline\":\"CONVERSATION\",\"datePublished\":\"2023-04-17T07:54:57+00:00\",\"dateModified\":\"2023-10-30T09:34:11+00:00\",\"mainEntityOfPage\":{\"@id\":\"https:\\\/\\\/fundacjadomkultury.pl\\\/en\\\/conversation\\\/\"},\"wordCount\":265,\"image\":{\"@id\":\"https:\\\/\\\/fundacjadomkultury.pl\\\/en\\\/conversation\\\/#primaryimage\"},\"thumbnailUrl\":\"https:\\\/\\\/fundacjadomkultury.pl\\\/wp-content\\\/uploads\\\/rozMOWa_na_bialym_tle_RGB-1024x318.jpg\",\"inLanguage\":\"pl-PL\"},{\"@type\":\"WebPage\",\"@id\":\"https:\\\/\\\/fundacjadomkultury.pl\\\/en\\\/conversation\\\/\",\"url\":\"https:\\\/\\\/fundacjadomkultury.pl\\\/en\\\/conversation\\\/\",\"name\":\"CONVERSATION - Fundacja Dom Kultury\",\"isPartOf\":{\"@id\":\"https:\\\/\\\/fundacjadomkultury.pl\\\/en\\\/#website\"},\"primaryImageOfPage\":{\"@id\":\"https:\\\/\\\/fundacjadomkultury.pl\\\/en\\\/conversation\\\/#primaryimage\"},\"image\":{\"@id\":\"https:\\\/\\\/fundacjadomkultury.pl\\\/en\\\/conversation\\\/#primaryimage\"},\"thumbnailUrl\":\"https:\\\/\\\/fundacjadomkultury.pl\\\/wp-content\\\/uploads\\\/rozMOWa_na_bialym_tle_RGB-1024x318.jpg\",\"datePublished\":\"2023-04-17T07:54:57+00:00\",\"dateModified\":\"2023-10-30T09:34:11+00:00\",\"author\":{\"@id\":\"https:\\\/\\\/fundacjadomkultury.pl\\\/en\\\/#\\\/schema\\\/person\\\/0f182b8ac59ee2351f00dbc1ca9ac9ab\"},\"breadcrumb\":{\"@id\":\"https:\\\/\\\/fundacjadomkultury.pl\\\/en\\\/conversation\\\/#breadcrumb\"},\"inLanguage\":\"pl-PL\",\"potentialAction\":[{\"@type\":\"ReadAction\",\"target\":[\"https:\\\/\\\/fundacjadomkultury.pl\\\/en\\\/conversation\\\/\"]}]},{\"@type\":\"ImageObject\",\"inLanguage\":\"pl-PL\",\"@id\":\"https:\\\/\\\/fundacjadomkultury.pl\\\/en\\\/conversation\\\/#primaryimage\",\"url\":\"https:\\\/\\\/fundacjadomkultury.pl\\\/wp-content\\\/uploads\\\/rozMOWa_na_bialym_tle_RGB-1024x318.jpg\",\"contentUrl\":\"https:\\\/\\\/fundacjadomkultury.pl\\\/wp-content\\\/uploads\\\/rozMOWa_na_bialym_tle_RGB-1024x318.jpg\"},{\"@type\":\"BreadcrumbList\",\"@id\":\"https:\\\/\\\/fundacjadomkultury.pl\\\/en\\\/conversation\\\/#breadcrumb\",\"itemListElement\":[{\"@type\":\"ListItem\",\"position\":1,\"name\":\"Strona g\u0142\u00f3wna\",\"item\":\"https:\\\/\\\/fundacjadomkultury.pl\\\/en\\\/\"},{\"@type\":\"ListItem\",\"position\":2,\"name\":\"CONVERSATION\"}]},{\"@type\":\"WebSite\",\"@id\":\"https:\\\/\\\/fundacjadomkultury.pl\\\/en\\\/#website\",\"url\":\"https:\\\/\\\/fundacjadomkultury.pl\\\/en\\\/\",\"name\":\"Fundacja Dom Kultury\",\"description\":\"Kolejna witryna oparta na WordPressie\",\"potentialAction\":[{\"@type\":\"SearchAction\",\"target\":{\"@type\":\"EntryPoint\",\"urlTemplate\":\"https:\\\/\\\/fundacjadomkultury.pl\\\/en\\\/?s={search_term_string}\"},\"query-input\":{\"@type\":\"PropertyValueSpecification\",\"valueRequired\":true,\"valueName\":\"search_term_string\"}}],\"inLanguage\":\"pl-PL\"},{\"@type\":\"Person\",\"@id\":\"https:\\\/\\\/fundacjadomkultury.pl\\\/en\\\/#\\\/schema\\\/person\\\/0f182b8ac59ee2351f00dbc1ca9ac9ab\",\"name\":\"wojtek\",\"sameAs\":[\"https:\\\/\\\/fundacjadomkultury.pl\\\/en\"],\"url\":\"https:\\\/\\\/fundacjadomkultury.pl\\\/en\\\/author\\\/wojtek\\\/\"}]}<\/script>\n<!-- \/ Yoast SEO plugin. -->","yoast_head_json":{"title":"CONVERSATION - Fundacja Dom Kultury","robots":{"index":"index","follow":"follow","max-snippet":"max-snippet:-1","max-image-preview":"max-image-preview:large","max-video-preview":"max-video-preview:-1"},"canonical":"https:\/\/fundacjadomkultury.pl\/en\/conversation\/","og_locale":"pl_PL","og_type":"article","og_title":"CONVERSATION - Fundacja Dom Kultury","og_description":"Graphics: Ma\u0142gorzata Jab\u0142o\u0144ska and Piotr Szewczyk &#8222;Conversation&#8221; is a series of workshops aimed at building language &hellip; Czytaj dalej \u201eCONVERSATION\u201d","og_url":"https:\/\/fundacjadomkultury.pl\/en\/conversation\/","og_site_name":"Fundacja Dom Kultury","article_published_time":"2023-04-17T07:54:57+00:00","article_modified_time":"2023-10-30T09:34:11+00:00","og_image":[{"url":"https:\/\/fundacjadomkultury.pl\/wp-content\/uploads\/rozMOWa_na_bialym_tle_RGB-1024x318.jpg","type":"","width":"","height":""}],"author":"wojtek","twitter_card":"summary_large_image","twitter_misc":{"Napisane przez":"wojtek","Szacowany czas czytania":"3 minuty"},"schema":{"@context":"https:\/\/schema.org","@graph":[{"@type":"Article","@id":"https:\/\/fundacjadomkultury.pl\/en\/conversation\/#article","isPartOf":{"@id":"https:\/\/fundacjadomkultury.pl\/en\/conversation\/"},"author":{"name":"wojtek","@id":"https:\/\/fundacjadomkultury.pl\/en\/#\/schema\/person\/0f182b8ac59ee2351f00dbc1ca9ac9ab"},"headline":"CONVERSATION","datePublished":"2023-04-17T07:54:57+00:00","dateModified":"2023-10-30T09:34:11+00:00","mainEntityOfPage":{"@id":"https:\/\/fundacjadomkultury.pl\/en\/conversation\/"},"wordCount":265,"image":{"@id":"https:\/\/fundacjadomkultury.pl\/en\/conversation\/#primaryimage"},"thumbnailUrl":"https:\/\/fundacjadomkultury.pl\/wp-content\/uploads\/rozMOWa_na_bialym_tle_RGB-1024x318.jpg","inLanguage":"pl-PL"},{"@type":"WebPage","@id":"https:\/\/fundacjadomkultury.pl\/en\/conversation\/","url":"https:\/\/fundacjadomkultury.pl\/en\/conversation\/","name":"CONVERSATION - Fundacja Dom Kultury","isPartOf":{"@id":"https:\/\/fundacjadomkultury.pl\/en\/#website"},"primaryImageOfPage":{"@id":"https:\/\/fundacjadomkultury.pl\/en\/conversation\/#primaryimage"},"image":{"@id":"https:\/\/fundacjadomkultury.pl\/en\/conversation\/#primaryimage"},"thumbnailUrl":"https:\/\/fundacjadomkultury.pl\/wp-content\/uploads\/rozMOWa_na_bialym_tle_RGB-1024x318.jpg","datePublished":"2023-04-17T07:54:57+00:00","dateModified":"2023-10-30T09:34:11+00:00","author":{"@id":"https:\/\/fundacjadomkultury.pl\/en\/#\/schema\/person\/0f182b8ac59ee2351f00dbc1ca9ac9ab"},"breadcrumb":{"@id":"https:\/\/fundacjadomkultury.pl\/en\/conversation\/#breadcrumb"},"inLanguage":"pl-PL","potentialAction":[{"@type":"ReadAction","target":["https:\/\/fundacjadomkultury.pl\/en\/conversation\/"]}]},{"@type":"ImageObject","inLanguage":"pl-PL","@id":"https:\/\/fundacjadomkultury.pl\/en\/conversation\/#primaryimage","url":"https:\/\/fundacjadomkultury.pl\/wp-content\/uploads\/rozMOWa_na_bialym_tle_RGB-1024x318.jpg","contentUrl":"https:\/\/fundacjadomkultury.pl\/wp-content\/uploads\/rozMOWa_na_bialym_tle_RGB-1024x318.jpg"},{"@type":"BreadcrumbList","@id":"https:\/\/fundacjadomkultury.pl\/en\/conversation\/#breadcrumb","itemListElement":[{"@type":"ListItem","position":1,"name":"Strona g\u0142\u00f3wna","item":"https:\/\/fundacjadomkultury.pl\/en\/"},{"@type":"ListItem","position":2,"name":"CONVERSATION"}]},{"@type":"WebSite","@id":"https:\/\/fundacjadomkultury.pl\/en\/#website","url":"https:\/\/fundacjadomkultury.pl\/en\/","name":"Fundacja Dom Kultury","description":"Kolejna witryna oparta na WordPressie","potentialAction":[{"@type":"SearchAction","target":{"@type":"EntryPoint","urlTemplate":"https:\/\/fundacjadomkultury.pl\/en\/?s={search_term_string}"},"query-input":{"@type":"PropertyValueSpecification","valueRequired":true,"valueName":"search_term_string"}}],"inLanguage":"pl-PL"},{"@type":"Person","@id":"https:\/\/fundacjadomkultury.pl\/en\/#\/schema\/person\/0f182b8ac59ee2351f00dbc1ca9ac9ab","name":"wojtek","sameAs":["https:\/\/fundacjadomkultury.pl\/en"],"url":"https:\/\/fundacjadomkultury.pl\/en\/author\/wojtek\/"}]}},"_links":{"self":[{"href":"https:\/\/fundacjadomkultury.pl\/en\/wp-json\/wp\/v2\/posts\/12416","targetHints":{"allow":["GET"]}}],"collection":[{"href":"https:\/\/fundacjadomkultury.pl\/en\/wp-json\/wp\/v2\/posts"}],"about":[{"href":"https:\/\/fundacjadomkultury.pl\/en\/wp-json\/wp\/v2\/types\/post"}],"author":[{"embeddable":true,"href":"https:\/\/fundacjadomkultury.pl\/en\/wp-json\/wp\/v2\/users\/1"}],"replies":[{"embeddable":true,"href":"https:\/\/fundacjadomkultury.pl\/en\/wp-json\/wp\/v2\/comments?post=12416"}],"version-history":[{"count":8,"href":"https:\/\/fundacjadomkultury.pl\/en\/wp-json\/wp\/v2\/posts\/12416\/revisions"}],"predecessor-version":[{"id":13633,"href":"https:\/\/fundacjadomkultury.pl\/en\/wp-json\/wp\/v2\/posts\/12416\/revisions\/13633"}],"wp:attachment":[{"href":"https:\/\/fundacjadomkultury.pl\/en\/wp-json\/wp\/v2\/media?parent=12416"}],"wp:term":[{"taxonomy":"category","embeddable":true,"href":"https:\/\/fundacjadomkultury.pl\/en\/wp-json\/wp\/v2\/categories?post=12416"},{"taxonomy":"post_tag","embeddable":true,"href":"https:\/\/fundacjadomkultury.pl\/en\/wp-json\/wp\/v2\/tags?post=12416"}],"curies":[{"name":"wp","href":"https:\/\/api.w.org\/{rel}","templated":true}]}}